{"name":"Fr\u00fcchte- und Kr\u00e4uterhof G\u00e4nsebl\u00fcmchen","short_name":"Fr\u00fcchte- und Kr\u00e4uterhof G\u00e4nsebl\u00fcmchen","theme_color":"#C4CE9F","background_color":"#003366","display":"standalone","icons":[{"src":"\/icon\/192","sizes":"192x192","type":"image\/png"},{"src":"\/icon\/256","sizes":"256x256","type":"image\/png"},{"src":"\/icon\/512","sizes":"512x512","type":"image\/png"}]}